{"id":379,"date":"2025-05-14T06:20:17","date_gmt":"2025-05-14T06:20:17","guid":{"rendered":"https:\/\/voice-eu.eu\/?p=379"},"modified":"2025-05-14T06:51:15","modified_gmt":"2025-05-14T06:51:15","slug":"akadimos","status":"publish","type":"post","link":"https:\/\/voice-eu.eu\/es\/akadimos\/","title":{"rendered":"AKADIMOS"},"content":{"rendered":"\t\t<div data-elementor-type=\"wp-post\" data-elementor-id=\"379\" class=\"elementor elementor-379 elementor-362\" data-elementor-post-type=\"post\">\n\t\t\t\t<div class=\"elementor-element elementor-element-cc528e9 e-flex e-con-boxed e-con e-parent\" data-id=\"cc528e9\" data-element_type=\"container\">\n\t\t\t\t\t<div class=\"e-con-inner\">\n\t\t\t\t<div class=\"elementor-element elementor-element-8f41d7e elementor-widget elementor-widget-image\" data-id=\"8f41d7e\" data-element_type=\"widget\" data-widget_type=\"image.default\">\n\t\t\t\t<div class=\"elementor-widget-container\">\n\t\t\t\t\t\t\t\t\t\t\t\t\t\t\t<img fetchpriority=\"high\" decoding=\"async\" width=\"600\" height=\"600\" src=\"https:\/\/voice-eu.eu\/wp-content\/uploads\/2025\/05\/akadimos-logo.png\" class=\"attachment-large size-large wp-image-366\" alt=\"\" srcset=\"https:\/\/voice-eu.eu\/wp-content\/uploads\/2025\/05\/akadimos-logo.png 600w, https:\/\/voice-eu.eu\/wp-content\/uploads\/2025\/05\/akadimos-logo-300x300.png 300w, https:\/\/voice-eu.eu\/wp-content\/uploads\/2025\/05\/akadimos-logo-150x150.png 150w\" sizes=\"(max-width: 600px) 100vw, 600px\" \/>\t\t\t\t\t\t\t\t\t\t\t\t\t\t\t<\/div>\n\t\t\t\t<\/div>\n\t\t\t\t\t<\/div>\n\t\t\t\t<\/div>\n\t\t<div class=\"elementor-element elementor-element-7642502 e-flex e-con-boxed e-con e-parent\" data-id=\"7642502\" data-element_type=\"container\">\n\t\t\t\t\t<div class=\"e-con-inner\">\n\t\t\t\t<div class=\"elementor-element elementor-element-476161b elementor-widget elementor-widget-heading\" data-id=\"476161b\" data-element_type=\"widget\" data-widget_type=\"heading.default\">\n\t\t\t\t<div class=\"elementor-widget-container\">\n\t\t\t\t\t<h2 class=\"elementor-heading-title elementor-size-default\">AKADIMOS:<\/h2>\t\t\t\t<\/div>\n\t\t\t\t<\/div>\n\t\t\t\t\t<\/div>\n\t\t\t\t<\/div>\n\t\t<div class=\"elementor-element elementor-element-a725169 e-flex e-con-boxed e-con e-parent\" data-id=\"a725169\" data-element_type=\"container\">\n\t\t\t\t\t<div class=\"e-con-inner\">\n\t\t\t\t<div class=\"elementor-element elementor-element-c383839 elementor-widget elementor-widget-text-editor\" data-id=\"c383839\" data-element_type=\"widget\" data-widget_type=\"text-editor.default\">\n\t\t\t\t<div class=\"elementor-widget-container\">\n\t\t\t\t\t\t\t\t\t<p><span style=\"font-weight: 400;\">El centro de educaci\u00f3n profesional y continua Akadimos VET se ha establecido como una de las organizaciones educativas m\u00e1s importantes de Grecia desde 2016. Con sede en Grecia, la organizaci\u00f3n ha trazado un impresionante camino en el campo de la educaci\u00f3n y la formaci\u00f3n, atendiendo a m\u00e1s de 3.000 estudiantes y colaborando con una extensa red de 12.000 formadores de FP.<\/span><\/p><p><span style=\"font-weight: 400;\">Akadimos destaca por su enfoque innovador en la educaci\u00f3n, utilizando tecnolog\u00edas y metodolog\u00edas digitales modernas. El \u00e9nfasis en la alfabetizaci\u00f3n digital y el uso de herramientas educativas avanzadas constituye un pilar fundamental de su filosof\u00eda educativa, aline\u00e1ndose plenamente con los objetivos de la UE para la transformaci\u00f3n digital.<\/span><\/p><p><span style=\"font-weight: 400;\">El centro se distingue por su enfoque hol\u00edstico, ofreciendo programas especializados para estudiantes j\u00f3venes y adultos, educadores y profesionales, personas con necesidades educativas especiales y desempleados que buscan la reinserci\u00f3n profesional.<\/span><\/p><p><span style=\"font-weight: 400;\">La participaci\u00f3n activa de Akadimos en los programas Erasmus+ y la colaboraci\u00f3n con organizaciones internacionales fortalece su presencia en el \u00e1mbito educativo europeo. Adem\u00e1s, contribuye activamente a la implementaci\u00f3n de programas gubernamentales para la formaci\u00f3n profesional y la inclusi\u00f3n social.<\/span><\/p><p><span style=\"font-weight: 400;\">Akadimos contin\u00faa evolucionando, con especial \u00e9nfasis en el desarrollo de habilidades digitales y el fortalecimiento del aprendizaje permanente. Al mismo tiempo, busca expandir sus asociaciones internacionales y promover la innovaci\u00f3n en la educaci\u00f3n. Con un enfoque constante en la educaci\u00f3n de calidad y el desarrollo profesional, contin\u00faa moldeando el futuro de la formaci\u00f3n profesional en Grecia, ofreciendo soluciones sustanciales para los desaf\u00edos educativos y profesionales contempor\u00e1neos.<\/span><\/p>\t\t\t\t\t\t\t\t<\/div>\n\t\t\t\t<\/div>\n\t\t\t\t\t<\/div>\n\t\t\t\t<\/div>\n\t\t\t\t<\/div>\n\t\t","protected":false},"excerpt":{"rendered":"<p>Con sede en Grecia, la organizaci\u00f3n ha trazado un impresionante camino en el campo de la educaci\u00f3n y la formaci\u00f3n, atendiendo a m\u00e1s de 3.000 estudiantes y colaborando con una extensa red de 12.000 formadores de FP.<\/p>\n","protected":false},"author":1,"featured_media":365,"comment_status":"closed","ping_status":"open","sticky":false,"template":"","format":"standard","meta":{"footnotes":""},"categories":[13],"tags":[],"class_list":["post-379","post","type-post","status-publish","format-standard","has-post-thumbnail","hentry","category-sin-categoria"],"_links":{"self":[{"href":"https:\/\/voice-eu.eu\/es\/wp-json\/wp\/v2\/posts\/379","targetHints":{"allow":["GET"]}}],"collection":[{"href":"https:\/\/voice-eu.eu\/es\/wp-json\/wp\/v2\/posts"}],"about":[{"href":"https:\/\/voice-eu.eu\/es\/wp-json\/wp\/v2\/types\/post"}],"author":[{"embeddable":true,"href":"https:\/\/voice-eu.eu\/es\/wp-json\/wp\/v2\/users\/1"}],"replies":[{"embeddable":true,"href":"https:\/\/voice-eu.eu\/es\/wp-json\/wp\/v2\/comments?post=379"}],"version-history":[{"count":4,"href":"https:\/\/voice-eu.eu\/es\/wp-json\/wp\/v2\/posts\/379\/revisions"}],"predecessor-version":[{"id":387,"href":"https:\/\/voice-eu.eu\/es\/wp-json\/wp\/v2\/posts\/379\/revisions\/387"}],"wp:featuredmedia":[{"embeddable":true,"href":"https:\/\/voice-eu.eu\/es\/wp-json\/wp\/v2\/media\/365"}],"wp:attachment":[{"href":"https:\/\/voice-eu.eu\/es\/wp-json\/wp\/v2\/media?parent=379"}],"wp:term":[{"taxonomy":"category","embeddable":true,"href":"https:\/\/voice-eu.eu\/es\/wp-json\/wp\/v2\/categories?post=379"},{"taxonomy":"post_tag","embeddable":true,"href":"https:\/\/voice-eu.eu\/es\/wp-json\/wp\/v2\/tags?post=379"}],"curies":[{"name":"wp","href":"https:\/\/api.w.org\/{rel}","templated":true}]}}