{"id":443,"date":"2025-05-14T07:18:15","date_gmt":"2025-05-14T07:18:15","guid":{"rendered":"https:\/\/voice-eu.eu\/?p=443"},"modified":"2025-05-14T07:31:38","modified_gmt":"2025-05-14T07:31:38","slug":"timeducation","status":"publish","type":"post","link":"https:\/\/voice-eu.eu\/es\/timeducation\/","title":{"rendered":"TIMEDUCATION"},"content":{"rendered":"\t\t<div data-elementor-type=\"wp-post\" data-elementor-id=\"443\" class=\"elementor elementor-443 elementor-415\" data-elementor-post-type=\"post\">\n\t\t\t\t<div class=\"elementor-element elementor-element-80c1435 e-flex e-con-boxed e-con e-parent\" data-id=\"80c1435\" data-element_type=\"container\">\n\t\t\t\t\t<div class=\"e-con-inner\">\n\t\t\t\t<div class=\"elementor-element elementor-element-a1c45e9 elementor-widget elementor-widget-image\" data-id=\"a1c45e9\" data-element_type=\"widget\" data-widget_type=\"image.default\">\n\t\t\t\t<div class=\"elementor-widget-container\">\n\t\t\t\t\t\t\t\t\t\t\t\t\t\t\t<img fetchpriority=\"high\" decoding=\"async\" width=\"600\" height=\"600\" src=\"https:\/\/voice-eu.eu\/wp-content\/uploads\/2025\/05\/time-education.png\" class=\"attachment-large size-large wp-image-419\" alt=\"\" srcset=\"https:\/\/voice-eu.eu\/wp-content\/uploads\/2025\/05\/time-education.png 600w, https:\/\/voice-eu.eu\/wp-content\/uploads\/2025\/05\/time-education-300x300.png 300w, https:\/\/voice-eu.eu\/wp-content\/uploads\/2025\/05\/time-education-150x150.png 150w\" sizes=\"(max-width: 600px) 100vw, 600px\" \/>\t\t\t\t\t\t\t\t\t\t\t\t\t\t\t<\/div>\n\t\t\t\t<\/div>\n\t\t\t\t\t<\/div>\n\t\t\t\t<\/div>\n\t\t<div class=\"elementor-element elementor-element-d93b005 e-flex e-con-boxed e-con e-parent\" data-id=\"d93b005\" data-element_type=\"container\">\n\t\t\t\t\t<div class=\"e-con-inner\">\n\t\t\t\t<div class=\"elementor-element elementor-element-6f5665c elementor-widget elementor-widget-heading\" data-id=\"6f5665c\" data-element_type=\"widget\" data-widget_type=\"heading.default\">\n\t\t\t\t<div class=\"elementor-widget-container\">\n\t\t\t\t\t<h2 class=\"elementor-heading-title elementor-size-default\">TIMEDUCATION: \n<\/h2>\t\t\t\t<\/div>\n\t\t\t\t<\/div>\n\t\t\t\t\t<\/div>\n\t\t\t\t<\/div>\n\t\t<div class=\"elementor-element elementor-element-c1a3f12 e-flex e-con-boxed e-con e-parent\" data-id=\"c1a3f12\" data-element_type=\"container\">\n\t\t\t\t\t<div class=\"e-con-inner\">\n\t\t\t\t<div class=\"elementor-element elementor-element-5197235 elementor-widget elementor-widget-text-editor\" data-id=\"5197235\" data-element_type=\"widget\" data-widget_type=\"text-editor.default\">\n\t\t\t\t<div class=\"elementor-widget-container\">\n\t\t\t\t\t\t\t\t\t<p><span style=\"font-weight: 400;\">Como coordinador del programa europeo Voice EU, TIMEDUCATION ha estado trazando desde 2009 un camino \u00fanico en el \u00e1mbito de la educaci\u00f3n y el desarrollo profesional en la hist\u00f3rica ciudad de Marino, a 30 kil\u00f3metros al sur de Roma. Comenzando como una peque\u00f1a empresa en el sector de la educaci\u00f3n de j\u00f3venes y adultos, se ha convertido en una organizaci\u00f3n educativa multifac\u00e9tica.<\/span><\/p><p><span style=\"font-weight: 400;\">La empresa, que comenz\u00f3 como agentes de viajes que evolucionaron hasta convertirse en consultores y formadores, ha desarrollado un enfoque \u00fanico para la formaci\u00f3n profesional. \u00abConvertimos nuestra pasi\u00f3n por la educaci\u00f3n en nuestra profesi\u00f3n\u00bb, afirman sus fundadores.<\/span><\/p><p><span style=\"font-weight: 400;\">TIMEDUCATION se centra especialmente en el turismo sostenible como medio de inclusi\u00f3n social y desarrollo. A trav\u00e9s de sus programas, promueve el intercambio intercultural y la conciencia ambiental, mientras crea oportunidades econ\u00f3micas para las comunidades locales.<\/span><\/p><p><span style=\"font-weight: 400;\">Los programas educativos est\u00e1n dirigidos a una amplia gama de participantes:<\/span><\/p><ul><li><span style=\"font-weight: 400;\"> Estudiantes de secundaria a trav\u00e9s de programas de formaci\u00f3n dual<\/span><\/li><li><span style=\"font-weight: 400;\"> Graduados que buscan especializaci\u00f3n de posgrado<\/span><\/li><li><span style=\"font-weight: 400;\"> Profesionales y empresarios del sector tur\u00edstico<\/span><\/li><li><span style=\"font-weight: 400;\"> Comunidades locales y partes interesadas involucradas en el desarrollo tur\u00edstico<\/span><\/li><\/ul><p>\u00a0<\/p><p><span style=\"font-weight: 400;\">Se hace especial hincapi\u00e9 en la colaboraci\u00f3n con municipios y actores locales para desarrollar programas integrales de gesti\u00f3n de destinos que combinen la educaci\u00f3n con el desarrollo local y el fortalecimiento de la identidad territorial.<\/span><\/p><p><span style=\"font-weight: 400;\">\u00abCreemos que el turismo es m\u00e1s que un sector econ\u00f3mico: es una herramienta para el progreso social y cultural\u00bb, enfatiza la direcci\u00f3n de TIMEDUCATION, subrayando su compromiso con la creaci\u00f3n de una industria tur\u00edstica m\u00e1s inclusiva y sostenible.<\/span><\/p><p><span style=\"font-weight: 400;\">A trav\u00e9s de la evoluci\u00f3n continua y la adaptaci\u00f3n a los requisitos modernos, TIMEDUCATION permanece fiel a su visi\u00f3n de una educaci\u00f3n que trasciende las fronteras geogr\u00e1ficas y culturales tradicionales, preparando a los profesionales del futuro.<\/span><\/p>\t\t\t\t\t\t\t\t<\/div>\n\t\t\t\t<\/div>\n\t\t\t\t\t<\/div>\n\t\t\t\t<\/div>\n\t\t\t\t<\/div>\n\t\t","protected":false},"excerpt":{"rendered":"<p>Como coordinador del programa europeo Voice EU, TIMEDUCATION ha estado trazando desde 2009 un camino \u00fanico en el \u00e1mbito de la educaci\u00f3n y el desarrollo profesional en la hist\u00f3rica ciudad de Marino<\/p>\n","protected":false},"author":1,"featured_media":419,"comment_status":"closed","ping_status":"open","sticky":false,"template":"","format":"standard","meta":{"footnotes":""},"categories":[13],"tags":[],"class_list":["post-443","post","type-post","status-publish","format-standard","has-post-thumbnail","hentry","category-sin-categoria"],"_links":{"self":[{"href":"https:\/\/voice-eu.eu\/es\/wp-json\/wp\/v2\/posts\/443","targetHints":{"allow":["GET"]}}],"collection":[{"href":"https:\/\/voice-eu.eu\/es\/wp-json\/wp\/v2\/posts"}],"about":[{"href":"https:\/\/voice-eu.eu\/es\/wp-json\/wp\/v2\/types\/post"}],"author":[{"embeddable":true,"href":"https:\/\/voice-eu.eu\/es\/wp-json\/wp\/v2\/users\/1"}],"replies":[{"embeddable":true,"href":"https:\/\/voice-eu.eu\/es\/wp-json\/wp\/v2\/comments?post=443"}],"version-history":[{"count":4,"href":"https:\/\/voice-eu.eu\/es\/wp-json\/wp\/v2\/posts\/443\/revisions"}],"predecessor-version":[{"id":447,"href":"https:\/\/voice-eu.eu\/es\/wp-json\/wp\/v2\/posts\/443\/revisions\/447"}],"wp:featuredmedia":[{"embeddable":true,"href":"https:\/\/voice-eu.eu\/es\/wp-json\/wp\/v2\/media\/419"}],"wp:attachment":[{"href":"https:\/\/voice-eu.eu\/es\/wp-json\/wp\/v2\/media?parent=443"}],"wp:term":[{"taxonomy":"category","embeddable":true,"href":"https:\/\/voice-eu.eu\/es\/wp-json\/wp\/v2\/categories?post=443"},{"taxonomy":"post_tag","embeddable":true,"href":"https:\/\/voice-eu.eu\/es\/wp-json\/wp\/v2\/tags?post=443"}],"curies":[{"name":"wp","href":"https:\/\/api.w.org\/{rel}","templated":true}]}}